{"id":6495,"date":"2018-12-04T06:51:00","date_gmt":"2018-12-04T06:51:00","guid":{"rendered":"https:\/\/genekor.dermtherapy.gr\/2023\/12\/11\/cancerul-mostenit-o-problema-care-ne-priveste-pe-toti\/"},"modified":"2023-12-19T09:57:57","modified_gmt":"2023-12-19T09:57:57","slug":"cancerul-mostenit-o-problema-care-ne-priveste-pe-toti","status":"publish","type":"post","link":"https:\/\/genekor.com\/ro\/2018\/12\/04\/cancerul-mostenit-o-problema-care-ne-priveste-pe-toti\/","title":{"rendered":"Cancerul mo\u0219tenit \u2013 O problem\u0103 care ne prive\u0219te pe to\u021bi!"},"content":{"rendered":"\n<p><strong>Noua er\u0103 a analizei multi-gene pentru persoanele cu risc crescut.<\/strong><\/p>\n\n<p>Cancerul este, \u00een general, un eveniment sporadic, dar exist\u0103 un mic procent de 10-15% din cazurile de cancer diagnosticate care se datoreaz\u0103 unor muta\u021bii mo\u0219tenite \u00een gene specifice ale individului. Prin urmare, \u00een aceste cazuri, testarea genetic\u0103 pentru persoanele cu antecedente personale sau familiale importante este considerat\u0103 absolut esen\u021bial\u0103 pentru gestionarea adecvat\u0103 a oric\u0103rei persoane cu risc ridicat.<\/p>\n\n<p>\u00cen ultimii ani, se \u0219tie c\u0103 genele BRCA1 \u0219i BRCA2 sunt puternic asociate cu sindroamele mo\u0219tenite ale cancerului de s\u00e2n \u0219i\/sau ovarian. Muta\u021biile acestora le confer\u0103 femeilor care le poart\u0103 un risc crescut de a dezvolta cancer de s\u00e2n \u0219i\/sau ovarian, iar b\u0103rba\u021bilor un risc ridicat de cancer de prostat\u0103 \u0219i alte tipuri de cancer.<\/p>\n\n<p><a><\/a>Este important de subliniat faptul c\u0103 cele de mai sus nu se aplic\u0103 exclusiv femeilor, deoarece b\u0103rba\u021bii cu muta\u021bii \u00een anumite gene prezint\u0103, de asemenea, un risc crescut de a dezvolta cancer (de exemplu, b\u0103rba\u021bii cu o muta\u021bie cunoscut\u0103 \u00een gena BRCA2 au de \u0219apte ori mai multe \u0219anse de a dezvolta cancer de prostat\u0103).<\/p>\n\n<p>Acum avem posibilitatea de a analiza \u00een totalitate genele asociate sindroamelor canceroase ereditare cu ajutorul celei mai avansate tehnologii, ceea ce ne ofer\u0103 toate detaliile necesare pentru prevenirea \u0219i tratamentul personalizat al cancerului pentru persoanele cu risc crescut.<\/p>\n\n<p>Testarea genetic\u0103: pentru cine este?<br\/>Testele genetice pentru depistarea predispozi\u021biei la sindroame canceroase mo\u0219tenite se adreseaz\u0103 persoanelor care au dezvoltat orice form\u0103 de cancer la o v\u00e2rst\u0103 fraged\u0103, persoanelor cu cancer de s\u00e2n \u00eenainte de v\u00e2rsta de 45 de ani, femeilor cu carcinom epitelial al ovarelor, persoanelor cu mai multe cazuri de cancer \u00een familie, persoanelor cu tumori primare multiple \u0219i persoanelor cu o muta\u021bie cunoscut\u0103 \u00een genele BRCA1\/BRCA2.<\/p>\n\n<p>Analiza multi-gene HerediGENE pentru detectarea predispozi\u021biei la sindroame canceroase ereditare analizeaz\u0103 \u00een totalitate 33 de gene asociate cu cele mai cunoscute sindroame canceroase ereditare \u0219i este efectuat\u0103 \u00een laboratoarele centrale ale GenekorIatric S.A. din Atena. Aceast\u0103 analiz\u0103 poate fi utilizat\u0103 \u00een paralel pentru a identifica membrii familiei care prezint\u0103 un risc de a dezvolta cancer, pentru a lua decizii adecvate \u00een vederea reducerii acestui risc (de exemplu, mastectomie profilactic\u0103 sau ooforectomie).<\/p>\n","protected":false},"excerpt":{"rendered":"<p>Noua er\u0103 a analizei multi-gene pentru persoanele cu risc crescut. Cancerul este, \u00een general, un eveniment sporadic, dar exist\u0103 un mic procent de 10-15% din cazurile de cancer diagnosticate care [&hellip;]<\/p>\n","protected":false},"author":1,"featured_media":3372,"comment_status":"open","ping_status":"open","sticky":false,"template":"","format":"standard","meta":{"_acf_changed":false,"footnotes":""},"categories":[33],"tags":[],"class_list":["post-6495","post","type-post","status-publish","format-standard","has-post-thumbnail","hentry","category-uncategorized-ro"],"acf":[],"yoast_head":"<!-- This site is optimized with the Yoast SEO Premium plugin v24.0 (Yoast SEO v24.0) - https:\/\/yoast.com\/wordpress\/plugins\/seo\/ -->\n<title>Cancerul mo\u0219tenit - O problem\u0103 care ne prive\u0219te pe to\u021bi! - Genekor<\/title>\n<meta name=\"description\" content=\"O nou\u0103 er\u0103 cu analiz\u0103 multi-genetic\u0103 pentru persoanele cu risc crescut.Test genetic pentru cancerul ereditar HerediGENE Acoperit de EOPYY conform specifica\u021biilor specifice.\" \/>\n<meta name=\"robots\" content=\"index, follow, max-snippet:-1, max-image-preview:large, max-video-preview:-1\" \/>\n<link rel=\"canonical\" href=\"https:\/\/genekor.com\/ro\/2018\/12\/04\/cancerul-mostenit-o-problema-care-ne-priveste-pe-toti\/\" \/>\n<meta property=\"og:locale\" content=\"ro_RO\" \/>\n<meta property=\"og:type\" content=\"article\" \/>\n<meta property=\"og:title\" content=\"Cancerul mo\u0219tenit - O problem\u0103 care ne prive\u0219te pe to\u021bi!\" \/>\n<meta property=\"og:description\" content=\"O nou\u0103 er\u0103 cu analiz\u0103 multi-genetic\u0103 pentru persoanele cu risc crescut.Test genetic pentru cancerul ereditar HerediGENE Acoperit de EOPYY conform specifica\u021biilor specifice.\" \/>\n<meta property=\"og:url\" content=\"https:\/\/genekor.com\/ro\/2018\/12\/04\/cancerul-mostenit-o-problema-care-ne-priveste-pe-toti\/\" \/>\n<meta property=\"og:site_name\" content=\"Genekor\" \/>\n<meta property=\"article:publisher\" content=\"https:\/\/www.facebook.com\/genekorbiotechnology\/\" \/>\n<meta property=\"article:published_time\" content=\"2018-12-04T06:51:00+00:00\" \/>\n<meta property=\"article:modified_time\" content=\"2023-12-19T09:57:57+00:00\" \/>\n<meta property=\"og:image\" content=\"https:\/\/genekor.com\/wp-content\/uploads\/2018\/12\/3d-background-with-rotating-dna-string-4k-ultra-hd-alpha-channel-dna-technology-helix-strands-science-technology-animated-background_eyppyv1-g__f0000-1024x576.png\" \/>\n\t<meta property=\"og:image:width\" content=\"1024\" \/>\n\t<meta property=\"og:image:height\" content=\"576\" \/>\n\t<meta property=\"og:image:type\" content=\"image\/png\" \/>\n<meta name=\"author\" content=\"Faykay22\" \/>\n<meta name=\"twitter:card\" content=\"summary_large_image\" \/>\n<meta name=\"twitter:label1\" content=\"Scris de\" \/>\n\t<meta name=\"twitter:data1\" content=\"Faykay22\" \/>\n\t<meta name=\"twitter:label2\" content=\"Timp estimat pentru citire\" \/>\n\t<meta name=\"twitter:data2\" content=\"2 minute\" \/>\n<script type=\"application\/ld+json\" class=\"yoast-schema-graph\">{\"@context\":\"https:\/\/schema.org\",\"@graph\":[{\"@type\":\"Article\",\"@id\":\"https:\/\/genekor.com\/ro\/2018\/12\/04\/cancerul-mostenit-o-problema-care-ne-priveste-pe-toti\/#article\",\"isPartOf\":{\"@id\":\"https:\/\/genekor.com\/ro\/2018\/12\/04\/cancerul-mostenit-o-problema-care-ne-priveste-pe-toti\/\"},\"author\":{\"name\":\"Faykay22\",\"@id\":\"https:\/\/genekor.com\/ro\/#\/schema\/person\/86dcc4a1fea0667dffb2244541e4149e\"},\"headline\":\"Cancerul mo\u0219tenit \u2013 O problem\u0103 care ne prive\u0219te pe to\u021bi!\",\"datePublished\":\"2018-12-04T06:51:00+00:00\",\"dateModified\":\"2023-12-19T09:57:57+00:00\",\"mainEntityOfPage\":{\"@id\":\"https:\/\/genekor.com\/ro\/2018\/12\/04\/cancerul-mostenit-o-problema-care-ne-priveste-pe-toti\/\"},\"wordCount\":394,\"commentCount\":0,\"publisher\":{\"@id\":\"https:\/\/genekor.com\/ro\/#organization\"},\"image\":{\"@id\":\"https:\/\/genekor.com\/ro\/2018\/12\/04\/cancerul-mostenit-o-problema-care-ne-priveste-pe-toti\/#primaryimage\"},\"thumbnailUrl\":\"https:\/\/genekor.com\/wp-content\/uploads\/2018\/12\/3d-background-with-rotating-dna-string-4k-ultra-hd-alpha-channel-dna-technology-helix-strands-science-technology-animated-background_eyppyv1-g__f0000.png\",\"articleSection\":[\"Uncategorized @ro\"],\"inLanguage\":\"ro-RO\",\"potentialAction\":[{\"@type\":\"CommentAction\",\"name\":\"Comment\",\"target\":[\"https:\/\/genekor.com\/ro\/2018\/12\/04\/cancerul-mostenit-o-problema-care-ne-priveste-pe-toti\/#respond\"]}]},{\"@type\":\"WebPage\",\"@id\":\"https:\/\/genekor.com\/ro\/2018\/12\/04\/cancerul-mostenit-o-problema-care-ne-priveste-pe-toti\/\",\"url\":\"https:\/\/genekor.com\/ro\/2018\/12\/04\/cancerul-mostenit-o-problema-care-ne-priveste-pe-toti\/\",\"name\":\"Cancerul mo\u0219tenit - O problem\u0103 care ne prive\u0219te pe to\u021bi! - Genekor\",\"isPartOf\":{\"@id\":\"https:\/\/genekor.com\/ro\/#website\"},\"primaryImageOfPage\":{\"@id\":\"https:\/\/genekor.com\/ro\/2018\/12\/04\/cancerul-mostenit-o-problema-care-ne-priveste-pe-toti\/#primaryimage\"},\"image\":{\"@id\":\"https:\/\/genekor.com\/ro\/2018\/12\/04\/cancerul-mostenit-o-problema-care-ne-priveste-pe-toti\/#primaryimage\"},\"thumbnailUrl\":\"https:\/\/genekor.com\/wp-content\/uploads\/2018\/12\/3d-background-with-rotating-dna-string-4k-ultra-hd-alpha-channel-dna-technology-helix-strands-science-technology-animated-background_eyppyv1-g__f0000.png\",\"datePublished\":\"2018-12-04T06:51:00+00:00\",\"dateModified\":\"2023-12-19T09:57:57+00:00\",\"description\":\"O nou\u0103 er\u0103 cu analiz\u0103 multi-genetic\u0103 pentru persoanele cu risc crescut.Test genetic pentru cancerul ereditar HerediGENE Acoperit de EOPYY conform specifica\u021biilor specifice.\",\"breadcrumb\":{\"@id\":\"https:\/\/genekor.com\/ro\/2018\/12\/04\/cancerul-mostenit-o-problema-care-ne-priveste-pe-toti\/#breadcrumb\"},\"inLanguage\":\"ro-RO\",\"potentialAction\":[{\"@type\":\"ReadAction\",\"target\":[\"https:\/\/genekor.com\/ro\/2018\/12\/04\/cancerul-mostenit-o-problema-care-ne-priveste-pe-toti\/\"]}]},{\"@type\":\"ImageObject\",\"inLanguage\":\"ro-RO\",\"@id\":\"https:\/\/genekor.com\/ro\/2018\/12\/04\/cancerul-mostenit-o-problema-care-ne-priveste-pe-toti\/#primaryimage\",\"url\":\"https:\/\/genekor.com\/wp-content\/uploads\/2018\/12\/3d-background-with-rotating-dna-string-4k-ultra-hd-alpha-channel-dna-technology-helix-strands-science-technology-animated-background_eyppyv1-g__f0000.png\",\"contentUrl\":\"https:\/\/genekor.com\/wp-content\/uploads\/2018\/12\/3d-background-with-rotating-dna-string-4k-ultra-hd-alpha-channel-dna-technology-helix-strands-science-technology-animated-background_eyppyv1-g__f0000.png\",\"width\":4096,\"height\":2304},{\"@type\":\"BreadcrumbList\",\"@id\":\"https:\/\/genekor.com\/ro\/2018\/12\/04\/cancerul-mostenit-o-problema-care-ne-priveste-pe-toti\/#breadcrumb\",\"itemListElement\":[{\"@type\":\"ListItem\",\"position\":1,\"name\":\"Home\",\"item\":\"https:\/\/genekor.com\/ro\/\"},{\"@type\":\"ListItem\",\"position\":2,\"name\":\"Cancerul mo\u0219tenit \u2013 O problem\u0103 care ne prive\u0219te pe to\u021bi!\"}]},{\"@type\":\"WebSite\",\"@id\":\"https:\/\/genekor.com\/ro\/#website\",\"url\":\"https:\/\/genekor.com\/ro\/\",\"name\":\"Genekor\",\"description\":\"Medicina personalizat\u0103\",\"publisher\":{\"@id\":\"https:\/\/genekor.com\/ro\/#organization\"},\"potentialAction\":[{\"@type\":\"SearchAction\",\"target\":{\"@type\":\"EntryPoint\",\"urlTemplate\":\"https:\/\/genekor.com\/ro\/?s={search_term_string}\"},\"query-input\":{\"@type\":\"PropertyValueSpecification\",\"valueRequired\":true,\"valueName\":\"search_term_string\"}}],\"inLanguage\":\"ro-RO\"},{\"@type\":\"Organization\",\"@id\":\"https:\/\/genekor.com\/ro\/#organization\",\"name\":\"Genekor\",\"url\":\"https:\/\/genekor.com\/ro\/\",\"logo\":{\"@type\":\"ImageObject\",\"inLanguage\":\"ro-RO\",\"@id\":\"https:\/\/genekor.com\/ro\/#\/schema\/logo\/image\/\",\"url\":\"https:\/\/genekor.com\/wp-content\/uploads\/2021\/09\/logo-black.svg\",\"contentUrl\":\"https:\/\/genekor.com\/wp-content\/uploads\/2021\/09\/logo-black.svg\",\"width\":1,\"height\":1,\"caption\":\"Genekor\"},\"image\":{\"@id\":\"https:\/\/genekor.com\/ro\/#\/schema\/logo\/image\/\"},\"sameAs\":[\"https:\/\/www.facebook.com\/genekorbiotechnology\/\",\"https:\/\/gr.linkedin.com\/company\/genekor-sa\",\"https:\/\/www.youtube.com\/channel\/UCKC7sMFecVBY-OZAlRBHNzA\"]},{\"@type\":\"Person\",\"@id\":\"https:\/\/genekor.com\/ro\/#\/schema\/person\/86dcc4a1fea0667dffb2244541e4149e\",\"name\":\"Faykay22\",\"image\":{\"@type\":\"ImageObject\",\"inLanguage\":\"ro-RO\",\"@id\":\"https:\/\/genekor.com\/ro\/#\/schema\/person\/image\/\",\"url\":\"https:\/\/secure.gravatar.com\/avatar\/9a60087a414006a2c76f910bb7465ef4?s=96&d=mm&r=g\",\"contentUrl\":\"https:\/\/secure.gravatar.com\/avatar\/9a60087a414006a2c76f910bb7465ef4?s=96&d=mm&r=g\",\"caption\":\"Faykay22\"},\"sameAs\":[\"https:\/\/genekor.websters.gr\"]}]}<\/script>\n<!-- \/ Yoast SEO Premium plugin. -->","yoast_head_json":{"title":"Cancerul mo\u0219tenit - O problem\u0103 care ne prive\u0219te pe to\u021bi! - Genekor","description":"O nou\u0103 er\u0103 cu analiz\u0103 multi-genetic\u0103 pentru persoanele cu risc crescut.Test genetic pentru cancerul ereditar HerediGENE Acoperit de EOPYY conform specifica\u021biilor specifice.","robots":{"index":"index","follow":"follow","max-snippet":"max-snippet:-1","max-image-preview":"max-image-preview:large","max-video-preview":"max-video-preview:-1"},"canonical":"https:\/\/genekor.com\/ro\/2018\/12\/04\/cancerul-mostenit-o-problema-care-ne-priveste-pe-toti\/","og_locale":"ro_RO","og_type":"article","og_title":"Cancerul mo\u0219tenit - O problem\u0103 care ne prive\u0219te pe to\u021bi!","og_description":"O nou\u0103 er\u0103 cu analiz\u0103 multi-genetic\u0103 pentru persoanele cu risc crescut.Test genetic pentru cancerul ereditar HerediGENE Acoperit de EOPYY conform specifica\u021biilor specifice.","og_url":"https:\/\/genekor.com\/ro\/2018\/12\/04\/cancerul-mostenit-o-problema-care-ne-priveste-pe-toti\/","og_site_name":"Genekor","article_publisher":"https:\/\/www.facebook.com\/genekorbiotechnology\/","article_published_time":"2018-12-04T06:51:00+00:00","article_modified_time":"2023-12-19T09:57:57+00:00","og_image":[{"width":1024,"height":576,"url":"https:\/\/genekor.com\/wp-content\/uploads\/2018\/12\/3d-background-with-rotating-dna-string-4k-ultra-hd-alpha-channel-dna-technology-helix-strands-science-technology-animated-background_eyppyv1-g__f0000-1024x576.png","type":"image\/png"}],"author":"Faykay22","twitter_card":"summary_large_image","twitter_misc":{"Scris de":"Faykay22","Timp estimat pentru citire":"2 minute"},"schema":{"@context":"https:\/\/schema.org","@graph":[{"@type":"Article","@id":"https:\/\/genekor.com\/ro\/2018\/12\/04\/cancerul-mostenit-o-problema-care-ne-priveste-pe-toti\/#article","isPartOf":{"@id":"https:\/\/genekor.com\/ro\/2018\/12\/04\/cancerul-mostenit-o-problema-care-ne-priveste-pe-toti\/"},"author":{"name":"Faykay22","@id":"https:\/\/genekor.com\/ro\/#\/schema\/person\/86dcc4a1fea0667dffb2244541e4149e"},"headline":"Cancerul mo\u0219tenit \u2013 O problem\u0103 care ne prive\u0219te pe to\u021bi!","datePublished":"2018-12-04T06:51:00+00:00","dateModified":"2023-12-19T09:57:57+00:00","mainEntityOfPage":{"@id":"https:\/\/genekor.com\/ro\/2018\/12\/04\/cancerul-mostenit-o-problema-care-ne-priveste-pe-toti\/"},"wordCount":394,"commentCount":0,"publisher":{"@id":"https:\/\/genekor.com\/ro\/#organization"},"image":{"@id":"https:\/\/genekor.com\/ro\/2018\/12\/04\/cancerul-mostenit-o-problema-care-ne-priveste-pe-toti\/#primaryimage"},"thumbnailUrl":"https:\/\/genekor.com\/wp-content\/uploads\/2018\/12\/3d-background-with-rotating-dna-string-4k-ultra-hd-alpha-channel-dna-technology-helix-strands-science-technology-animated-background_eyppyv1-g__f0000.png","articleSection":["Uncategorized @ro"],"inLanguage":"ro-RO","potentialAction":[{"@type":"CommentAction","name":"Comment","target":["https:\/\/genekor.com\/ro\/2018\/12\/04\/cancerul-mostenit-o-problema-care-ne-priveste-pe-toti\/#respond"]}]},{"@type":"WebPage","@id":"https:\/\/genekor.com\/ro\/2018\/12\/04\/cancerul-mostenit-o-problema-care-ne-priveste-pe-toti\/","url":"https:\/\/genekor.com\/ro\/2018\/12\/04\/cancerul-mostenit-o-problema-care-ne-priveste-pe-toti\/","name":"Cancerul mo\u0219tenit - O problem\u0103 care ne prive\u0219te pe to\u021bi! - Genekor","isPartOf":{"@id":"https:\/\/genekor.com\/ro\/#website"},"primaryImageOfPage":{"@id":"https:\/\/genekor.com\/ro\/2018\/12\/04\/cancerul-mostenit-o-problema-care-ne-priveste-pe-toti\/#primaryimage"},"image":{"@id":"https:\/\/genekor.com\/ro\/2018\/12\/04\/cancerul-mostenit-o-problema-care-ne-priveste-pe-toti\/#primaryimage"},"thumbnailUrl":"https:\/\/genekor.com\/wp-content\/uploads\/2018\/12\/3d-background-with-rotating-dna-string-4k-ultra-hd-alpha-channel-dna-technology-helix-strands-science-technology-animated-background_eyppyv1-g__f0000.png","datePublished":"2018-12-04T06:51:00+00:00","dateModified":"2023-12-19T09:57:57+00:00","description":"O nou\u0103 er\u0103 cu analiz\u0103 multi-genetic\u0103 pentru persoanele cu risc crescut.Test genetic pentru cancerul ereditar HerediGENE Acoperit de EOPYY conform specifica\u021biilor specifice.","breadcrumb":{"@id":"https:\/\/genekor.com\/ro\/2018\/12\/04\/cancerul-mostenit-o-problema-care-ne-priveste-pe-toti\/#breadcrumb"},"inLanguage":"ro-RO","potentialAction":[{"@type":"ReadAction","target":["https:\/\/genekor.com\/ro\/2018\/12\/04\/cancerul-mostenit-o-problema-care-ne-priveste-pe-toti\/"]}]},{"@type":"ImageObject","inLanguage":"ro-RO","@id":"https:\/\/genekor.com\/ro\/2018\/12\/04\/cancerul-mostenit-o-problema-care-ne-priveste-pe-toti\/#primaryimage","url":"https:\/\/genekor.com\/wp-content\/uploads\/2018\/12\/3d-background-with-rotating-dna-string-4k-ultra-hd-alpha-channel-dna-technology-helix-strands-science-technology-animated-background_eyppyv1-g__f0000.png","contentUrl":"https:\/\/genekor.com\/wp-content\/uploads\/2018\/12\/3d-background-with-rotating-dna-string-4k-ultra-hd-alpha-channel-dna-technology-helix-strands-science-technology-animated-background_eyppyv1-g__f0000.png","width":4096,"height":2304},{"@type":"BreadcrumbList","@id":"https:\/\/genekor.com\/ro\/2018\/12\/04\/cancerul-mostenit-o-problema-care-ne-priveste-pe-toti\/#breadcrumb","itemListElement":[{"@type":"ListItem","position":1,"name":"Home","item":"https:\/\/genekor.com\/ro\/"},{"@type":"ListItem","position":2,"name":"Cancerul mo\u0219tenit \u2013 O problem\u0103 care ne prive\u0219te pe to\u021bi!"}]},{"@type":"WebSite","@id":"https:\/\/genekor.com\/ro\/#website","url":"https:\/\/genekor.com\/ro\/","name":"Genekor","description":"Medicina personalizat\u0103","publisher":{"@id":"https:\/\/genekor.com\/ro\/#organization"},"potentialAction":[{"@type":"SearchAction","target":{"@type":"EntryPoint","urlTemplate":"https:\/\/genekor.com\/ro\/?s={search_term_string}"},"query-input":{"@type":"PropertyValueSpecification","valueRequired":true,"valueName":"search_term_string"}}],"inLanguage":"ro-RO"},{"@type":"Organization","@id":"https:\/\/genekor.com\/ro\/#organization","name":"Genekor","url":"https:\/\/genekor.com\/ro\/","logo":{"@type":"ImageObject","inLanguage":"ro-RO","@id":"https:\/\/genekor.com\/ro\/#\/schema\/logo\/image\/","url":"https:\/\/genekor.com\/wp-content\/uploads\/2021\/09\/logo-black.svg","contentUrl":"https:\/\/genekor.com\/wp-content\/uploads\/2021\/09\/logo-black.svg","width":1,"height":1,"caption":"Genekor"},"image":{"@id":"https:\/\/genekor.com\/ro\/#\/schema\/logo\/image\/"},"sameAs":["https:\/\/www.facebook.com\/genekorbiotechnology\/","https:\/\/gr.linkedin.com\/company\/genekor-sa","https:\/\/www.youtube.com\/channel\/UCKC7sMFecVBY-OZAlRBHNzA"]},{"@type":"Person","@id":"https:\/\/genekor.com\/ro\/#\/schema\/person\/86dcc4a1fea0667dffb2244541e4149e","name":"Faykay22","image":{"@type":"ImageObject","inLanguage":"ro-RO","@id":"https:\/\/genekor.com\/ro\/#\/schema\/person\/image\/","url":"https:\/\/secure.gravatar.com\/avatar\/9a60087a414006a2c76f910bb7465ef4?s=96&d=mm&r=g","contentUrl":"https:\/\/secure.gravatar.com\/avatar\/9a60087a414006a2c76f910bb7465ef4?s=96&d=mm&r=g","caption":"Faykay22"},"sameAs":["https:\/\/genekor.websters.gr"]}]}},"_links":{"self":[{"href":"https:\/\/genekor.com\/ro\/wp-json\/wp\/v2\/posts\/6495","targetHints":{"allow":["GET"]}}],"collection":[{"href":"https:\/\/genekor.com\/ro\/wp-json\/wp\/v2\/posts"}],"about":[{"href":"https:\/\/genekor.com\/ro\/wp-json\/wp\/v2\/types\/post"}],"author":[{"embeddable":true,"href":"https:\/\/genekor.com\/ro\/wp-json\/wp\/v2\/users\/1"}],"replies":[{"embeddable":true,"href":"https:\/\/genekor.com\/ro\/wp-json\/wp\/v2\/comments?post=6495"}],"version-history":[{"count":1,"href":"https:\/\/genekor.com\/ro\/wp-json\/wp\/v2\/posts\/6495\/revisions"}],"predecessor-version":[{"id":6496,"href":"https:\/\/genekor.com\/ro\/wp-json\/wp\/v2\/posts\/6495\/revisions\/6496"}],"wp:featuredmedia":[{"embeddable":true,"href":"https:\/\/genekor.com\/ro\/wp-json\/wp\/v2\/media\/3372"}],"wp:attachment":[{"href":"https:\/\/genekor.com\/ro\/wp-json\/wp\/v2\/media?parent=6495"}],"wp:term":[{"taxonomy":"category","embeddable":true,"href":"https:\/\/genekor.com\/ro\/wp-json\/wp\/v2\/categories?post=6495"},{"taxonomy":"post_tag","embeddable":true,"href":"https:\/\/genekor.com\/ro\/wp-json\/wp\/v2\/tags?post=6495"}],"curies":[{"name":"wp","href":"https:\/\/api.w.org\/{rel}","templated":true}]}}