{"id":6468,"date":"2022-02-18T09:05:00","date_gmt":"2022-02-18T09:05:00","guid":{"rendered":"https:\/\/genekor.dermtherapy.gr\/2023\/12\/11\/primul-pacient-din-marea-britanie-care-a-primit-vaccinul-impotriva-cancerului\/"},"modified":"2024-03-04T15:23:33","modified_gmt":"2024-03-04T15:23:33","slug":"primul-pacient-din-marea-britanie-care-a-primit-vaccinul-impotriva-cancerului","status":"publish","type":"post","link":"https:\/\/genekor.com\/ro\/2022\/02\/18\/primul-pacient-din-marea-britanie-care-a-primit-vaccinul-impotriva-cancerului\/","title":{"rendered":"Primul pacient din Marea Britanie care a primit vaccinul \u00eempotriva cancerului."},"content":{"rendered":"\n<p>Graham Booth a fost tratat de patru ori pentru cancer, iar medicii s\u0103i l-au informat c\u0103, \u00een cazul \u00een care cancerul revine, ceea ce este probabil, nu vor mai avea de ales. El este acum primul pacient din \u021bar\u0103 care va lua parte la acest studiu de pionierat privind vaccinul \u00eempotriva cancerului.<\/p>\n\n\n\n<figure class=\"wp-block-image size-full\"><img loading=\"lazy\" decoding=\"async\" width=\"400\" height=\"267\" src=\"https:\/\/genekor.com\/wp-content\/uploads\/2023\/12\/337e642fbd5750280663d949ddd26f4c.jpg\" alt=\"\" class=\"wp-image-5479\" srcset=\"https:\/\/genekor.com\/wp-content\/uploads\/2023\/12\/337e642fbd5750280663d949ddd26f4c.jpg 400w, https:\/\/genekor.com\/wp-content\/uploads\/2023\/12\/337e642fbd5750280663d949ddd26f4c-300x200.jpg 300w\" sizes=\"auto, (max-width: 400px) 100vw, 400px\" \/><\/figure>\n\n\n\n<p>Echipa de cercetare de la Clatterbridge Cancer Centre din Liverpool a dezvoltat vaccinul, care este personalizat \u00een func\u021bie de ADN-ul lui Graham \u0219i conceput pentru a ajuta sistemul s\u0103u imunitar s\u0103 lupte \u00eempotriva bolii \u0219i s\u0103 reduc\u0103 riscul de reapari\u021bie a cancerului.<\/p>\n\n\n\n<p>Graham, \u00een v\u00e2rst\u0103 de 54 de ani, tat\u0103 a cinci copii, va fi supus unui tratament de imunoterapie pentru a combate boala \u0219i a reduce riscul de reapari\u021bie a acesteia. Proiectul de cercetare este conceput pentru a reduce decesele \u0219i recidivele \u00een cazul cancerelor la nivelul capului \u0219i g\u00e2tului, cum ar fi cele ale gurii, g\u00e2tului, limbii \u0219i sinusurilor.<\/p>\n\n\n\n<p>Graham \u00eensu\u0219i a declarat: &#8222;Anul trecut am avut sentimentul c\u0103 cancerul progreseaz\u0103 \u0219i c\u0103 nu mai sunt prea multe op\u021biuni. Acest studiu clinic a deschis noi u\u0219i \u0219i \u00eemi d\u0103 speran\u021ba c\u0103 nu-mi va reveni cancerul. \u0218i ar putea deschide u\u0219i \u0219i pentru alte persoane. Sper s\u0103 privesc spre un viitor mai bun. O speran\u021b\u0103 c\u0103 nu se va mai \u00eentoarce niciodat\u0103 &#8211; ceea ce ar \u00eensemna totul pentru familia mea \u0219i pentru to\u021bi cei din jurul meu.&#8221;<\/p>\n\n\n\n<p><strong>Sursa: <a href=\"https:\/\/www.clatterbridgecc.nhs.uk\/news\/first-patient-given-vaccine-cancer-pioneering-clinical-research\">https:\/\/www.clatterbridgecc.nhs.uk\/<\/a><\/strong><\/p>\n","protected":false},"excerpt":{"rendered":"<p>Graham Booth a fost tratat de patru ori pentru cancer, iar medicii s\u0103i l-au informat c\u0103, \u00een cazul \u00een care cancerul revine, ceea ce este probabil, nu vor mai avea [&hellip;]<\/p>\n","protected":false},"author":4,"featured_media":6470,"comment_status":"open","ping_status":"open","sticky":false,"template":"","format":"standard","meta":{"_acf_changed":false,"footnotes":""},"categories":[33],"tags":[],"class_list":["post-6468","post","type-post","status-publish","format-standard","has-post-thumbnail","hentry","category-uncategorized-ro"],"acf":[],"yoast_head":"<!-- This site is optimized with the Yoast SEO Premium plugin v24.0 (Yoast SEO v24.0) - https:\/\/yoast.com\/wordpress\/plugins\/seo\/ -->\n<title>Primul pacient din Marea Britanie care a primit vaccinul \u00eempotriva cancerului. - Genekor<\/title>\n<meta name=\"description\" content=\"Graham Booth a fost tratat de patru ori pentru cancer, iar medicii s\u0103i l-au informat c\u0103, \u00een cazul \u00een care cancerul revine, ceea ce este probabil, nu vor mai avea de ales. El este acum primul pacient din \u021bar\u0103 care va lua parte la acest studiu de pionierat privind vaccinul \u00eempotriva cancerului.\" \/>\n<meta name=\"robots\" content=\"index, follow, max-snippet:-1, max-image-preview:large, max-video-preview:-1\" \/>\n<link rel=\"canonical\" href=\"https:\/\/genekor.com\/ro\/2022\/02\/18\/primul-pacient-din-marea-britanie-care-a-primit-vaccinul-impotriva-cancerului\/\" \/>\n<meta property=\"og:locale\" content=\"ro_RO\" \/>\n<meta property=\"og:type\" content=\"article\" \/>\n<meta property=\"og:title\" content=\"Primul pacient din Marea Britanie care a primit vaccinul \u00eempotriva cancerului.\" \/>\n<meta property=\"og:description\" content=\"Graham Booth a fost tratat de patru ori pentru cancer, iar medicii s\u0103i l-au informat c\u0103, \u00een cazul \u00een care cancerul revine, ceea ce este probabil, nu vor mai avea de ales. El este acum primul pacient din \u021bar\u0103 care va lua parte la acest studiu de pionierat privind vaccinul \u00eempotriva cancerului.\" \/>\n<meta property=\"og:url\" content=\"https:\/\/genekor.com\/ro\/2022\/02\/18\/primul-pacient-din-marea-britanie-care-a-primit-vaccinul-impotriva-cancerului\/\" \/>\n<meta property=\"og:site_name\" content=\"Genekor\" \/>\n<meta property=\"article:publisher\" content=\"https:\/\/www.facebook.com\/genekorbiotechnology\/\" \/>\n<meta property=\"article:published_time\" content=\"2022-02-18T09:05:00+00:00\" \/>\n<meta property=\"article:modified_time\" content=\"2024-03-04T15:23:33+00:00\" \/>\n<meta property=\"og:image\" content=\"https:\/\/genekor.com\/wp-content\/uploads\/2023\/12\/First-patient-in-UK-given-vaccine-for-cancer-scaled.jpeg\" \/>\n\t<meta property=\"og:image:width\" content=\"2560\" \/>\n\t<meta property=\"og:image:height\" content=\"1438\" \/>\n\t<meta property=\"og:image:type\" content=\"image\/jpeg\" \/>\n<meta name=\"author\" content=\"Vassia Lagou\" \/>\n<meta name=\"twitter:card\" content=\"summary_large_image\" \/>\n<meta name=\"twitter:label1\" content=\"Scris de\" \/>\n\t<meta name=\"twitter:data1\" content=\"Vassia Lagou\" \/>\n\t<meta name=\"twitter:label2\" content=\"Timp estimat pentru citire\" \/>\n\t<meta name=\"twitter:data2\" content=\"2 minute\" \/>\n<script type=\"application\/ld+json\" class=\"yoast-schema-graph\">{\"@context\":\"https:\/\/schema.org\",\"@graph\":[{\"@type\":\"Article\",\"@id\":\"https:\/\/genekor.com\/ro\/2022\/02\/18\/primul-pacient-din-marea-britanie-care-a-primit-vaccinul-impotriva-cancerului\/#article\",\"isPartOf\":{\"@id\":\"https:\/\/genekor.com\/ro\/2022\/02\/18\/primul-pacient-din-marea-britanie-care-a-primit-vaccinul-impotriva-cancerului\/\"},\"author\":{\"name\":\"Vassia Lagou\",\"@id\":\"https:\/\/genekor.com\/ro\/#\/schema\/person\/3838490dbf25d05d55cf7ef7334c3bb9\"},\"headline\":\"Primul pacient din Marea Britanie care a primit vaccinul \u00eempotriva cancerului.\",\"datePublished\":\"2022-02-18T09:05:00+00:00\",\"dateModified\":\"2024-03-04T15:23:33+00:00\",\"mainEntityOfPage\":{\"@id\":\"https:\/\/genekor.com\/ro\/2022\/02\/18\/primul-pacient-din-marea-britanie-care-a-primit-vaccinul-impotriva-cancerului\/\"},\"wordCount\":261,\"commentCount\":0,\"publisher\":{\"@id\":\"https:\/\/genekor.com\/ro\/#organization\"},\"image\":{\"@id\":\"https:\/\/genekor.com\/ro\/2022\/02\/18\/primul-pacient-din-marea-britanie-care-a-primit-vaccinul-impotriva-cancerului\/#primaryimage\"},\"thumbnailUrl\":\"https:\/\/genekor.com\/wp-content\/uploads\/2023\/12\/First-patient-in-UK-given-vaccine-for-cancer-scaled.jpeg\",\"articleSection\":[\"Uncategorized @ro\"],\"inLanguage\":\"ro-RO\",\"potentialAction\":[{\"@type\":\"CommentAction\",\"name\":\"Comment\",\"target\":[\"https:\/\/genekor.com\/ro\/2022\/02\/18\/primul-pacient-din-marea-britanie-care-a-primit-vaccinul-impotriva-cancerului\/#respond\"]}]},{\"@type\":\"WebPage\",\"@id\":\"https:\/\/genekor.com\/ro\/2022\/02\/18\/primul-pacient-din-marea-britanie-care-a-primit-vaccinul-impotriva-cancerului\/\",\"url\":\"https:\/\/genekor.com\/ro\/2022\/02\/18\/primul-pacient-din-marea-britanie-care-a-primit-vaccinul-impotriva-cancerului\/\",\"name\":\"Primul pacient din Marea Britanie care a primit vaccinul \u00eempotriva cancerului. - Genekor\",\"isPartOf\":{\"@id\":\"https:\/\/genekor.com\/ro\/#website\"},\"primaryImageOfPage\":{\"@id\":\"https:\/\/genekor.com\/ro\/2022\/02\/18\/primul-pacient-din-marea-britanie-care-a-primit-vaccinul-impotriva-cancerului\/#primaryimage\"},\"image\":{\"@id\":\"https:\/\/genekor.com\/ro\/2022\/02\/18\/primul-pacient-din-marea-britanie-care-a-primit-vaccinul-impotriva-cancerului\/#primaryimage\"},\"thumbnailUrl\":\"https:\/\/genekor.com\/wp-content\/uploads\/2023\/12\/First-patient-in-UK-given-vaccine-for-cancer-scaled.jpeg\",\"datePublished\":\"2022-02-18T09:05:00+00:00\",\"dateModified\":\"2024-03-04T15:23:33+00:00\",\"description\":\"Graham Booth a fost tratat de patru ori pentru cancer, iar medicii s\u0103i l-au informat c\u0103, \u00een cazul \u00een care cancerul revine, ceea ce este probabil, nu vor mai avea de ales. El este acum primul pacient din \u021bar\u0103 care va lua parte la acest studiu de pionierat privind vaccinul \u00eempotriva cancerului.\",\"breadcrumb\":{\"@id\":\"https:\/\/genekor.com\/ro\/2022\/02\/18\/primul-pacient-din-marea-britanie-care-a-primit-vaccinul-impotriva-cancerului\/#breadcrumb\"},\"inLanguage\":\"ro-RO\",\"potentialAction\":[{\"@type\":\"ReadAction\",\"target\":[\"https:\/\/genekor.com\/ro\/2022\/02\/18\/primul-pacient-din-marea-britanie-care-a-primit-vaccinul-impotriva-cancerului\/\"]}]},{\"@type\":\"ImageObject\",\"inLanguage\":\"ro-RO\",\"@id\":\"https:\/\/genekor.com\/ro\/2022\/02\/18\/primul-pacient-din-marea-britanie-care-a-primit-vaccinul-impotriva-cancerului\/#primaryimage\",\"url\":\"https:\/\/genekor.com\/wp-content\/uploads\/2023\/12\/First-patient-in-UK-given-vaccine-for-cancer-scaled.jpeg\",\"contentUrl\":\"https:\/\/genekor.com\/wp-content\/uploads\/2023\/12\/First-patient-in-UK-given-vaccine-for-cancer-scaled.jpeg\",\"width\":2560,\"height\":1438},{\"@type\":\"BreadcrumbList\",\"@id\":\"https:\/\/genekor.com\/ro\/2022\/02\/18\/primul-pacient-din-marea-britanie-care-a-primit-vaccinul-impotriva-cancerului\/#breadcrumb\",\"itemListElement\":[{\"@type\":\"ListItem\",\"position\":1,\"name\":\"Home\",\"item\":\"https:\/\/genekor.com\/ro\/\"},{\"@type\":\"ListItem\",\"position\":2,\"name\":\"Primul pacient din Marea Britanie care a primit vaccinul \u00eempotriva cancerului.\"}]},{\"@type\":\"WebSite\",\"@id\":\"https:\/\/genekor.com\/ro\/#website\",\"url\":\"https:\/\/genekor.com\/ro\/\",\"name\":\"Genekor\",\"description\":\"Medicina personalizat\u0103\",\"publisher\":{\"@id\":\"https:\/\/genekor.com\/ro\/#organization\"},\"potentialAction\":[{\"@type\":\"SearchAction\",\"target\":{\"@type\":\"EntryPoint\",\"urlTemplate\":\"https:\/\/genekor.com\/ro\/?s={search_term_string}\"},\"query-input\":{\"@type\":\"PropertyValueSpecification\",\"valueRequired\":true,\"valueName\":\"search_term_string\"}}],\"inLanguage\":\"ro-RO\"},{\"@type\":\"Organization\",\"@id\":\"https:\/\/genekor.com\/ro\/#organization\",\"name\":\"Genekor\",\"url\":\"https:\/\/genekor.com\/ro\/\",\"logo\":{\"@type\":\"ImageObject\",\"inLanguage\":\"ro-RO\",\"@id\":\"https:\/\/genekor.com\/ro\/#\/schema\/logo\/image\/\",\"url\":\"https:\/\/genekor.com\/wp-content\/uploads\/2021\/09\/logo-black.svg\",\"contentUrl\":\"https:\/\/genekor.com\/wp-content\/uploads\/2021\/09\/logo-black.svg\",\"width\":1,\"height\":1,\"caption\":\"Genekor\"},\"image\":{\"@id\":\"https:\/\/genekor.com\/ro\/#\/schema\/logo\/image\/\"},\"sameAs\":[\"https:\/\/www.facebook.com\/genekorbiotechnology\/\",\"https:\/\/gr.linkedin.com\/company\/genekor-sa\",\"https:\/\/www.youtube.com\/channel\/UCKC7sMFecVBY-OZAlRBHNzA\"]},{\"@type\":\"Person\",\"@id\":\"https:\/\/genekor.com\/ro\/#\/schema\/person\/3838490dbf25d05d55cf7ef7334c3bb9\",\"name\":\"Vassia Lagou\",\"image\":{\"@type\":\"ImageObject\",\"inLanguage\":\"ro-RO\",\"@id\":\"https:\/\/genekor.com\/ro\/#\/schema\/person\/image\/\",\"url\":\"https:\/\/secure.gravatar.com\/avatar\/84a701805a13ebdb019a482f93ba3be4?s=96&d=mm&r=g\",\"contentUrl\":\"https:\/\/secure.gravatar.com\/avatar\/84a701805a13ebdb019a482f93ba3be4?s=96&d=mm&r=g\",\"caption\":\"Vassia Lagou\"}}]}<\/script>\n<!-- \/ Yoast SEO Premium plugin. -->","yoast_head_json":{"title":"Primul pacient din Marea Britanie care a primit vaccinul \u00eempotriva cancerului. - Genekor","description":"Graham Booth a fost tratat de patru ori pentru cancer, iar medicii s\u0103i l-au informat c\u0103, \u00een cazul \u00een care cancerul revine, ceea ce este probabil, nu vor mai avea de ales. El este acum primul pacient din \u021bar\u0103 care va lua parte la acest studiu de pionierat privind vaccinul \u00eempotriva cancerului.","robots":{"index":"index","follow":"follow","max-snippet":"max-snippet:-1","max-image-preview":"max-image-preview:large","max-video-preview":"max-video-preview:-1"},"canonical":"https:\/\/genekor.com\/ro\/2022\/02\/18\/primul-pacient-din-marea-britanie-care-a-primit-vaccinul-impotriva-cancerului\/","og_locale":"ro_RO","og_type":"article","og_title":"Primul pacient din Marea Britanie care a primit vaccinul \u00eempotriva cancerului.","og_description":"Graham Booth a fost tratat de patru ori pentru cancer, iar medicii s\u0103i l-au informat c\u0103, \u00een cazul \u00een care cancerul revine, ceea ce este probabil, nu vor mai avea de ales. El este acum primul pacient din \u021bar\u0103 care va lua parte la acest studiu de pionierat privind vaccinul \u00eempotriva cancerului.","og_url":"https:\/\/genekor.com\/ro\/2022\/02\/18\/primul-pacient-din-marea-britanie-care-a-primit-vaccinul-impotriva-cancerului\/","og_site_name":"Genekor","article_publisher":"https:\/\/www.facebook.com\/genekorbiotechnology\/","article_published_time":"2022-02-18T09:05:00+00:00","article_modified_time":"2024-03-04T15:23:33+00:00","og_image":[{"width":2560,"height":1438,"url":"https:\/\/genekor.com\/wp-content\/uploads\/2023\/12\/First-patient-in-UK-given-vaccine-for-cancer-scaled.jpeg","type":"image\/jpeg"}],"author":"Vassia Lagou","twitter_card":"summary_large_image","twitter_misc":{"Scris de":"Vassia Lagou","Timp estimat pentru citire":"2 minute"},"schema":{"@context":"https:\/\/schema.org","@graph":[{"@type":"Article","@id":"https:\/\/genekor.com\/ro\/2022\/02\/18\/primul-pacient-din-marea-britanie-care-a-primit-vaccinul-impotriva-cancerului\/#article","isPartOf":{"@id":"https:\/\/genekor.com\/ro\/2022\/02\/18\/primul-pacient-din-marea-britanie-care-a-primit-vaccinul-impotriva-cancerului\/"},"author":{"name":"Vassia Lagou","@id":"https:\/\/genekor.com\/ro\/#\/schema\/person\/3838490dbf25d05d55cf7ef7334c3bb9"},"headline":"Primul pacient din Marea Britanie care a primit vaccinul \u00eempotriva cancerului.","datePublished":"2022-02-18T09:05:00+00:00","dateModified":"2024-03-04T15:23:33+00:00","mainEntityOfPage":{"@id":"https:\/\/genekor.com\/ro\/2022\/02\/18\/primul-pacient-din-marea-britanie-care-a-primit-vaccinul-impotriva-cancerului\/"},"wordCount":261,"commentCount":0,"publisher":{"@id":"https:\/\/genekor.com\/ro\/#organization"},"image":{"@id":"https:\/\/genekor.com\/ro\/2022\/02\/18\/primul-pacient-din-marea-britanie-care-a-primit-vaccinul-impotriva-cancerului\/#primaryimage"},"thumbnailUrl":"https:\/\/genekor.com\/wp-content\/uploads\/2023\/12\/First-patient-in-UK-given-vaccine-for-cancer-scaled.jpeg","articleSection":["Uncategorized @ro"],"inLanguage":"ro-RO","potentialAction":[{"@type":"CommentAction","name":"Comment","target":["https:\/\/genekor.com\/ro\/2022\/02\/18\/primul-pacient-din-marea-britanie-care-a-primit-vaccinul-impotriva-cancerului\/#respond"]}]},{"@type":"WebPage","@id":"https:\/\/genekor.com\/ro\/2022\/02\/18\/primul-pacient-din-marea-britanie-care-a-primit-vaccinul-impotriva-cancerului\/","url":"https:\/\/genekor.com\/ro\/2022\/02\/18\/primul-pacient-din-marea-britanie-care-a-primit-vaccinul-impotriva-cancerului\/","name":"Primul pacient din Marea Britanie care a primit vaccinul \u00eempotriva cancerului. - Genekor","isPartOf":{"@id":"https:\/\/genekor.com\/ro\/#website"},"primaryImageOfPage":{"@id":"https:\/\/genekor.com\/ro\/2022\/02\/18\/primul-pacient-din-marea-britanie-care-a-primit-vaccinul-impotriva-cancerului\/#primaryimage"},"image":{"@id":"https:\/\/genekor.com\/ro\/2022\/02\/18\/primul-pacient-din-marea-britanie-care-a-primit-vaccinul-impotriva-cancerului\/#primaryimage"},"thumbnailUrl":"https:\/\/genekor.com\/wp-content\/uploads\/2023\/12\/First-patient-in-UK-given-vaccine-for-cancer-scaled.jpeg","datePublished":"2022-02-18T09:05:00+00:00","dateModified":"2024-03-04T15:23:33+00:00","description":"Graham Booth a fost tratat de patru ori pentru cancer, iar medicii s\u0103i l-au informat c\u0103, \u00een cazul \u00een care cancerul revine, ceea ce este probabil, nu vor mai avea de ales. El este acum primul pacient din \u021bar\u0103 care va lua parte la acest studiu de pionierat privind vaccinul \u00eempotriva cancerului.","breadcrumb":{"@id":"https:\/\/genekor.com\/ro\/2022\/02\/18\/primul-pacient-din-marea-britanie-care-a-primit-vaccinul-impotriva-cancerului\/#breadcrumb"},"inLanguage":"ro-RO","potentialAction":[{"@type":"ReadAction","target":["https:\/\/genekor.com\/ro\/2022\/02\/18\/primul-pacient-din-marea-britanie-care-a-primit-vaccinul-impotriva-cancerului\/"]}]},{"@type":"ImageObject","inLanguage":"ro-RO","@id":"https:\/\/genekor.com\/ro\/2022\/02\/18\/primul-pacient-din-marea-britanie-care-a-primit-vaccinul-impotriva-cancerului\/#primaryimage","url":"https:\/\/genekor.com\/wp-content\/uploads\/2023\/12\/First-patient-in-UK-given-vaccine-for-cancer-scaled.jpeg","contentUrl":"https:\/\/genekor.com\/wp-content\/uploads\/2023\/12\/First-patient-in-UK-given-vaccine-for-cancer-scaled.jpeg","width":2560,"height":1438},{"@type":"BreadcrumbList","@id":"https:\/\/genekor.com\/ro\/2022\/02\/18\/primul-pacient-din-marea-britanie-care-a-primit-vaccinul-impotriva-cancerului\/#breadcrumb","itemListElement":[{"@type":"ListItem","position":1,"name":"Home","item":"https:\/\/genekor.com\/ro\/"},{"@type":"ListItem","position":2,"name":"Primul pacient din Marea Britanie care a primit vaccinul \u00eempotriva cancerului."}]},{"@type":"WebSite","@id":"https:\/\/genekor.com\/ro\/#website","url":"https:\/\/genekor.com\/ro\/","name":"Genekor","description":"Medicina personalizat\u0103","publisher":{"@id":"https:\/\/genekor.com\/ro\/#organization"},"potentialAction":[{"@type":"SearchAction","target":{"@type":"EntryPoint","urlTemplate":"https:\/\/genekor.com\/ro\/?s={search_term_string}"},"query-input":{"@type":"PropertyValueSpecification","valueRequired":true,"valueName":"search_term_string"}}],"inLanguage":"ro-RO"},{"@type":"Organization","@id":"https:\/\/genekor.com\/ro\/#organization","name":"Genekor","url":"https:\/\/genekor.com\/ro\/","logo":{"@type":"ImageObject","inLanguage":"ro-RO","@id":"https:\/\/genekor.com\/ro\/#\/schema\/logo\/image\/","url":"https:\/\/genekor.com\/wp-content\/uploads\/2021\/09\/logo-black.svg","contentUrl":"https:\/\/genekor.com\/wp-content\/uploads\/2021\/09\/logo-black.svg","width":1,"height":1,"caption":"Genekor"},"image":{"@id":"https:\/\/genekor.com\/ro\/#\/schema\/logo\/image\/"},"sameAs":["https:\/\/www.facebook.com\/genekorbiotechnology\/","https:\/\/gr.linkedin.com\/company\/genekor-sa","https:\/\/www.youtube.com\/channel\/UCKC7sMFecVBY-OZAlRBHNzA"]},{"@type":"Person","@id":"https:\/\/genekor.com\/ro\/#\/schema\/person\/3838490dbf25d05d55cf7ef7334c3bb9","name":"Vassia Lagou","image":{"@type":"ImageObject","inLanguage":"ro-RO","@id":"https:\/\/genekor.com\/ro\/#\/schema\/person\/image\/","url":"https:\/\/secure.gravatar.com\/avatar\/84a701805a13ebdb019a482f93ba3be4?s=96&d=mm&r=g","contentUrl":"https:\/\/secure.gravatar.com\/avatar\/84a701805a13ebdb019a482f93ba3be4?s=96&d=mm&r=g","caption":"Vassia Lagou"}}]}},"_links":{"self":[{"href":"https:\/\/genekor.com\/ro\/wp-json\/wp\/v2\/posts\/6468","targetHints":{"allow":["GET"]}}],"collection":[{"href":"https:\/\/genekor.com\/ro\/wp-json\/wp\/v2\/posts"}],"about":[{"href":"https:\/\/genekor.com\/ro\/wp-json\/wp\/v2\/types\/post"}],"author":[{"embeddable":true,"href":"https:\/\/genekor.com\/ro\/wp-json\/wp\/v2\/users\/4"}],"replies":[{"embeddable":true,"href":"https:\/\/genekor.com\/ro\/wp-json\/wp\/v2\/comments?post=6468"}],"version-history":[{"count":2,"href":"https:\/\/genekor.com\/ro\/wp-json\/wp\/v2\/posts\/6468\/revisions"}],"predecessor-version":[{"id":9075,"href":"https:\/\/genekor.com\/ro\/wp-json\/wp\/v2\/posts\/6468\/revisions\/9075"}],"wp:featuredmedia":[{"embeddable":true,"href":"https:\/\/genekor.com\/ro\/wp-json\/wp\/v2\/media\/6470"}],"wp:attachment":[{"href":"https:\/\/genekor.com\/ro\/wp-json\/wp\/v2\/media?parent=6468"}],"wp:term":[{"taxonomy":"category","embeddable":true,"href":"https:\/\/genekor.com\/ro\/wp-json\/wp\/v2\/categories?post=6468"},{"taxonomy":"post_tag","embeddable":true,"href":"https:\/\/genekor.com\/ro\/wp-json\/wp\/v2\/tags?post=6468"}],"curies":[{"name":"wp","href":"https:\/\/api.w.org\/{rel}","templated":true}]}}