{"id":6459,"date":"2022-08-17T10:21:00","date_gmt":"2022-08-17T10:21:00","guid":{"rendered":"https:\/\/genekor.dermtherapy.gr\/2023\/12\/11\/10-sfaturi-pentru-a-ti-proteja-pielea-de-soare\/"},"modified":"2023-12-19T10:04:36","modified_gmt":"2023-12-19T10:04:36","slug":"10-sfaturi-pentru-a-ti-proteja-pielea-de-soare","status":"publish","type":"post","link":"https:\/\/genekor.com\/ro\/2022\/08\/17\/10-sfaturi-pentru-a-ti-proteja-pielea-de-soare\/","title":{"rendered":"10 sfaturi pentru a-\u021bi proteja pielea de soare."},"content":{"rendered":"\n<p>Un studiu recent a ar\u0103tat c\u0103 doar 14% dintre b\u0103rba\u021bi \u0219i 30% dintre femei \u00ee\u0219i aplic\u0103 \u00een mod regulat crem\u0103 de protec\u021bie solar\u0103 pe fa\u021b\u0103 \u0219i pe alte p\u0103r\u021bi expuse ale corpului \u00eenainte de a ie\u0219i afar\u0103 pentru mai mult de o or\u0103.<\/p>\n\n<p>A\u0219adar, ce trebuie s\u0103 \u0219tii despre cum s\u0103-\u021bi protejezi pielea de soare? Iat\u0103 10 sfaturi de care trebuie s\u0103 \u021bine\u021bi cont \u00een timpul verii.<\/p>\n\n<p><strong>Cum s\u0103-\u021bi protejezi pielea de soare<\/strong><\/p>\n\n<p>1. Folosi\u021bi crem\u0103 de protec\u021bie solar\u0103 \u00een fiecare zi, chiar dac\u0103 este \u00eennorat. aplica\u021bi cel pu\u021bin suficient\u0103 crem\u0103 de protec\u021bie solar\u0103 (c\u00e2t s\u0103 umple\u021bi un pahar mic) cu cel pu\u021bin 15 p\u00e2n\u0103 la 30 de minute \u00eenainte de a ie\u0219i afar\u0103.<\/p>\n\n<p>2. Folosi\u021bi, de asemenea, un balsam de buze sau un ruj care s\u0103 con\u021bin\u0103 o protec\u021bie solar\u0103 cu factor de protec\u021bie solar\u0103 (SPF) de cel pu\u021bin 30.<\/p>\n\n<p>3. Alege\u021bi o crem\u0103 de protec\u021bie solar\u0103 care protejeaz\u0103 \u00eempotriva radia\u021biilor UVA \u0219i UVB. Asigura\u021bi-v\u0103 c\u0103 este rezistent la ap\u0103 \u0219i c\u0103 are un indice de protec\u021bie de 30 sau mai mare. Alte creme de protec\u021bie solar\u0103 pot \u00eempiedica soarele s\u0103 v\u0103 ard\u0103, dar nu v\u0103 protejeaz\u0103 \u00eempotriva cancerului de piele.<\/p>\n\n<p>4. Reaplica\u021bi crema de protec\u021bie solar\u0103 la fiecare dou\u0103 ore. Reaplica\u021bi la fiecare or\u0103 dac\u0103 \u00eenota\u021bi sau transpira\u021bi.<\/p>\n\n<p>5. Fi\u021bi deosebit de aten\u021bi cu apa \u0219i nisipul. Aceste suprafe\u021be reflect\u0103 razele nocive ale soarelui, ceea ce poate cre\u0219te \u0219ansele de a suferi arsuri solare.<\/p>\n\n<p>6. \u021aine\u021bi bebelu\u0219ii sub 6 luni complet acoperi\u021bi \u0219i la umbr\u0103.<\/p>\n\n<p>7. Limita\u021bi timpul petrecut la soare \u00eentre orele 10:00 \u0219i 16:00. Acesta este momentul \u00een care razele soarelui sunt cele mai intense. Aplica\u021bi regula umbrei: dac\u0103 umbra dvs. este mai scurt\u0103 dec\u00e2t dvs., razele soarelui sunt mai puternice \u0219i trebuie s\u0103 g\u0103si\u021bi umbr\u0103.<\/p>\n\n<p>8. Dac\u0103 este posibil, purta\u021bi o c\u0103ma\u0219\u0103 cu m\u00e2nec\u0103 lung\u0103 \u0219i pantaloni lungi. Hainele \u00eenchise la culoare cu \u021bes\u0103turi str\u00e2mte blocheaz\u0103 soarele mai mult dec\u00e2t cele albe sau cu \u021bes\u0103turi largi. Pentru o protec\u021bie suplimentar\u0103, c\u0103uta\u021bi haine confec\u021bionate cu materiale speciale de protec\u021bie solar\u0103.<\/p>\n\n<p>9. Pune\u021bi-v\u0103 o p\u0103l\u0103rie care s\u0103 v\u0103 umbreasc\u0103 fa\u021ba, g\u00e2tul \u0219i urechile \u0219i o pereche de ochelari de soare. Ochelarii de soare cu lentile care au o absorb\u021bie UV de 99% p\u00e2n\u0103 la 100% ofer\u0103 o protec\u021bie optim\u0103 pentru ochi \u0219i pentru pielea din jurul ochilor.<\/p>\n\n<p>10. Fi\u021bi \u0219i mai atent dac\u0103 lua\u021bi medicamente care v\u0103 pot face mai sensibil la soare. Cum ar fi anumite tipuri de antibiotice, antiinflamatoare, antifungice, medicamente pentru tensiunea arterial\u0103 \u0219i medicamente pentru chimioterapie.<\/p>\n\n<ol class=\"wp-block-list\">\n<li><\/li>\n<\/ol>\n\n<p><strong>Sursa: <a href=\"https:\/\/www.cancer.net\/blog\/2015-07\/10-tips-protecting-your-skin-sun\">https:\/\/www.cancer.net\/blog\/2015-07\/10-tips-protecting-your-skin-sun<\/a><\/strong><\/p>\n","protected":false},"excerpt":{"rendered":"<p>Un studiu recent a ar\u0103tat c\u0103 doar 14% dintre b\u0103rba\u021bi \u0219i 30% dintre femei \u00ee\u0219i aplic\u0103 \u00een mod regulat crem\u0103 de protec\u021bie solar\u0103 pe fa\u021b\u0103 \u0219i pe alte p\u0103r\u021bi expuse [&hellip;]<\/p>\n","protected":false},"author":4,"featured_media":6460,"comment_status":"open","ping_status":"open","sticky":false,"template":"","format":"standard","meta":{"_acf_changed":false,"footnotes":""},"categories":[33],"tags":[],"class_list":["post-6459","post","type-post","status-publish","format-standard","has-post-thumbnail","hentry","category-uncategorized-ro"],"acf":[],"yoast_head":"<!-- This site is optimized with the Yoast SEO Premium plugin v24.0 (Yoast SEO v24.0) - https:\/\/yoast.com\/wordpress\/plugins\/seo\/ -->\n<title>10 sfaturi pentru a-\u021bi proteja pielea de soare. - Genekor<\/title>\n<meta name=\"description\" content=\"Cunoa\u0219te\u021bi regula umbrei? Dac\u0103 umbra dvs. este mai scurt\u0103 dec\u00e2t dvs., \u00eenseamn\u0103 c\u0103 razele soarelui sunt prea puternice \u0219i ar trebui s\u0103 v\u0103 a\u0219eza\u021bi \u00eentr-un loc umbros.\" \/>\n<meta name=\"robots\" content=\"index, follow, max-snippet:-1, max-image-preview:large, max-video-preview:-1\" \/>\n<link rel=\"canonical\" href=\"https:\/\/genekor.com\/ro\/2022\/08\/17\/10-sfaturi-pentru-a-ti-proteja-pielea-de-soare\/\" \/>\n<meta property=\"og:locale\" content=\"ro_RO\" \/>\n<meta property=\"og:type\" content=\"article\" \/>\n<meta property=\"og:title\" content=\"10 sfaturi pentru a-\u021bi proteja pielea de soare.\" \/>\n<meta property=\"og:description\" content=\"Cunoa\u0219te\u021bi regula umbrei? Dac\u0103 umbra dvs. este mai scurt\u0103 dec\u00e2t dvs., \u00eenseamn\u0103 c\u0103 razele soarelui sunt prea puternice \u0219i ar trebui s\u0103 v\u0103 a\u0219eza\u021bi \u00eentr-un loc umbros.\" \/>\n<meta property=\"og:url\" content=\"https:\/\/genekor.com\/ro\/2022\/08\/17\/10-sfaturi-pentru-a-ti-proteja-pielea-de-soare\/\" \/>\n<meta property=\"og:site_name\" content=\"Genekor\" \/>\n<meta property=\"article:publisher\" content=\"https:\/\/www.facebook.com\/genekorbiotechnology\/\" \/>\n<meta property=\"article:published_time\" content=\"2022-08-17T10:21:00+00:00\" \/>\n<meta property=\"article:modified_time\" content=\"2023-12-19T10:04:36+00:00\" \/>\n<meta property=\"og:image\" content=\"https:\/\/genekor.com\/wp-content\/uploads\/2023\/12\/tipstoprotectyourskinfromthesun.png\" \/>\n\t<meta property=\"og:image:width\" content=\"1024\" \/>\n\t<meta property=\"og:image:height\" content=\"683\" \/>\n\t<meta property=\"og:image:type\" content=\"image\/png\" \/>\n<meta name=\"author\" content=\"Vassia Lagou\" \/>\n<meta name=\"twitter:card\" content=\"summary_large_image\" \/>\n<meta name=\"twitter:label1\" content=\"Scris de\" \/>\n\t<meta name=\"twitter:data1\" content=\"Vassia Lagou\" \/>\n\t<meta name=\"twitter:label2\" content=\"Timp estimat pentru citire\" \/>\n\t<meta name=\"twitter:data2\" content=\"2 minute\" \/>\n<script type=\"application\/ld+json\" class=\"yoast-schema-graph\">{\"@context\":\"https:\/\/schema.org\",\"@graph\":[{\"@type\":\"Article\",\"@id\":\"https:\/\/genekor.com\/ro\/2022\/08\/17\/10-sfaturi-pentru-a-ti-proteja-pielea-de-soare\/#article\",\"isPartOf\":{\"@id\":\"https:\/\/genekor.com\/ro\/2022\/08\/17\/10-sfaturi-pentru-a-ti-proteja-pielea-de-soare\/\"},\"author\":{\"name\":\"Vassia Lagou\",\"@id\":\"https:\/\/genekor.com\/ro\/#\/schema\/person\/3838490dbf25d05d55cf7ef7334c3bb9\"},\"headline\":\"10 sfaturi pentru a-\u021bi proteja pielea de soare.\",\"datePublished\":\"2022-08-17T10:21:00+00:00\",\"dateModified\":\"2023-12-19T10:04:36+00:00\",\"mainEntityOfPage\":{\"@id\":\"https:\/\/genekor.com\/ro\/2022\/08\/17\/10-sfaturi-pentru-a-ti-proteja-pielea-de-soare\/\"},\"wordCount\":480,\"commentCount\":0,\"publisher\":{\"@id\":\"https:\/\/genekor.com\/ro\/#organization\"},\"image\":{\"@id\":\"https:\/\/genekor.com\/ro\/2022\/08\/17\/10-sfaturi-pentru-a-ti-proteja-pielea-de-soare\/#primaryimage\"},\"thumbnailUrl\":\"https:\/\/genekor.com\/wp-content\/uploads\/2023\/12\/tipstoprotectyourskinfromthesun.png\",\"articleSection\":[\"Uncategorized @ro\"],\"inLanguage\":\"ro-RO\",\"potentialAction\":[{\"@type\":\"CommentAction\",\"name\":\"Comment\",\"target\":[\"https:\/\/genekor.com\/ro\/2022\/08\/17\/10-sfaturi-pentru-a-ti-proteja-pielea-de-soare\/#respond\"]}]},{\"@type\":\"WebPage\",\"@id\":\"https:\/\/genekor.com\/ro\/2022\/08\/17\/10-sfaturi-pentru-a-ti-proteja-pielea-de-soare\/\",\"url\":\"https:\/\/genekor.com\/ro\/2022\/08\/17\/10-sfaturi-pentru-a-ti-proteja-pielea-de-soare\/\",\"name\":\"10 sfaturi pentru a-\u021bi proteja pielea de soare. - Genekor\",\"isPartOf\":{\"@id\":\"https:\/\/genekor.com\/ro\/#website\"},\"primaryImageOfPage\":{\"@id\":\"https:\/\/genekor.com\/ro\/2022\/08\/17\/10-sfaturi-pentru-a-ti-proteja-pielea-de-soare\/#primaryimage\"},\"image\":{\"@id\":\"https:\/\/genekor.com\/ro\/2022\/08\/17\/10-sfaturi-pentru-a-ti-proteja-pielea-de-soare\/#primaryimage\"},\"thumbnailUrl\":\"https:\/\/genekor.com\/wp-content\/uploads\/2023\/12\/tipstoprotectyourskinfromthesun.png\",\"datePublished\":\"2022-08-17T10:21:00+00:00\",\"dateModified\":\"2023-12-19T10:04:36+00:00\",\"description\":\"Cunoa\u0219te\u021bi regula umbrei? Dac\u0103 umbra dvs. este mai scurt\u0103 dec\u00e2t dvs., \u00eenseamn\u0103 c\u0103 razele soarelui sunt prea puternice \u0219i ar trebui s\u0103 v\u0103 a\u0219eza\u021bi \u00eentr-un loc umbros.\",\"breadcrumb\":{\"@id\":\"https:\/\/genekor.com\/ro\/2022\/08\/17\/10-sfaturi-pentru-a-ti-proteja-pielea-de-soare\/#breadcrumb\"},\"inLanguage\":\"ro-RO\",\"potentialAction\":[{\"@type\":\"ReadAction\",\"target\":[\"https:\/\/genekor.com\/ro\/2022\/08\/17\/10-sfaturi-pentru-a-ti-proteja-pielea-de-soare\/\"]}]},{\"@type\":\"ImageObject\",\"inLanguage\":\"ro-RO\",\"@id\":\"https:\/\/genekor.com\/ro\/2022\/08\/17\/10-sfaturi-pentru-a-ti-proteja-pielea-de-soare\/#primaryimage\",\"url\":\"https:\/\/genekor.com\/wp-content\/uploads\/2023\/12\/tipstoprotectyourskinfromthesun.png\",\"contentUrl\":\"https:\/\/genekor.com\/wp-content\/uploads\/2023\/12\/tipstoprotectyourskinfromthesun.png\",\"width\":1600,\"height\":1067},{\"@type\":\"BreadcrumbList\",\"@id\":\"https:\/\/genekor.com\/ro\/2022\/08\/17\/10-sfaturi-pentru-a-ti-proteja-pielea-de-soare\/#breadcrumb\",\"itemListElement\":[{\"@type\":\"ListItem\",\"position\":1,\"name\":\"Home\",\"item\":\"https:\/\/genekor.com\/ro\/\"},{\"@type\":\"ListItem\",\"position\":2,\"name\":\"10 sfaturi pentru a-\u021bi proteja pielea de soare.\"}]},{\"@type\":\"WebSite\",\"@id\":\"https:\/\/genekor.com\/ro\/#website\",\"url\":\"https:\/\/genekor.com\/ro\/\",\"name\":\"Genekor\",\"description\":\"Medicina personalizat\u0103\",\"publisher\":{\"@id\":\"https:\/\/genekor.com\/ro\/#organization\"},\"potentialAction\":[{\"@type\":\"SearchAction\",\"target\":{\"@type\":\"EntryPoint\",\"urlTemplate\":\"https:\/\/genekor.com\/ro\/?s={search_term_string}\"},\"query-input\":{\"@type\":\"PropertyValueSpecification\",\"valueRequired\":true,\"valueName\":\"search_term_string\"}}],\"inLanguage\":\"ro-RO\"},{\"@type\":\"Organization\",\"@id\":\"https:\/\/genekor.com\/ro\/#organization\",\"name\":\"Genekor\",\"url\":\"https:\/\/genekor.com\/ro\/\",\"logo\":{\"@type\":\"ImageObject\",\"inLanguage\":\"ro-RO\",\"@id\":\"https:\/\/genekor.com\/ro\/#\/schema\/logo\/image\/\",\"url\":\"https:\/\/genekor.com\/wp-content\/uploads\/2021\/09\/logo-black.svg\",\"contentUrl\":\"https:\/\/genekor.com\/wp-content\/uploads\/2021\/09\/logo-black.svg\",\"width\":1,\"height\":1,\"caption\":\"Genekor\"},\"image\":{\"@id\":\"https:\/\/genekor.com\/ro\/#\/schema\/logo\/image\/\"},\"sameAs\":[\"https:\/\/www.facebook.com\/genekorbiotechnology\/\",\"https:\/\/gr.linkedin.com\/company\/genekor-sa\",\"https:\/\/www.youtube.com\/channel\/UCKC7sMFecVBY-OZAlRBHNzA\"]},{\"@type\":\"Person\",\"@id\":\"https:\/\/genekor.com\/ro\/#\/schema\/person\/3838490dbf25d05d55cf7ef7334c3bb9\",\"name\":\"Vassia Lagou\",\"image\":{\"@type\":\"ImageObject\",\"inLanguage\":\"ro-RO\",\"@id\":\"https:\/\/genekor.com\/ro\/#\/schema\/person\/image\/\",\"url\":\"https:\/\/secure.gravatar.com\/avatar\/84a701805a13ebdb019a482f93ba3be4?s=96&d=mm&r=g\",\"contentUrl\":\"https:\/\/secure.gravatar.com\/avatar\/84a701805a13ebdb019a482f93ba3be4?s=96&d=mm&r=g\",\"caption\":\"Vassia Lagou\"}}]}<\/script>\n<!-- \/ Yoast SEO Premium plugin. -->","yoast_head_json":{"title":"10 sfaturi pentru a-\u021bi proteja pielea de soare. - Genekor","description":"Cunoa\u0219te\u021bi regula umbrei? Dac\u0103 umbra dvs. este mai scurt\u0103 dec\u00e2t dvs., \u00eenseamn\u0103 c\u0103 razele soarelui sunt prea puternice \u0219i ar trebui s\u0103 v\u0103 a\u0219eza\u021bi \u00eentr-un loc umbros.","robots":{"index":"index","follow":"follow","max-snippet":"max-snippet:-1","max-image-preview":"max-image-preview:large","max-video-preview":"max-video-preview:-1"},"canonical":"https:\/\/genekor.com\/ro\/2022\/08\/17\/10-sfaturi-pentru-a-ti-proteja-pielea-de-soare\/","og_locale":"ro_RO","og_type":"article","og_title":"10 sfaturi pentru a-\u021bi proteja pielea de soare.","og_description":"Cunoa\u0219te\u021bi regula umbrei? Dac\u0103 umbra dvs. este mai scurt\u0103 dec\u00e2t dvs., \u00eenseamn\u0103 c\u0103 razele soarelui sunt prea puternice \u0219i ar trebui s\u0103 v\u0103 a\u0219eza\u021bi \u00eentr-un loc umbros.","og_url":"https:\/\/genekor.com\/ro\/2022\/08\/17\/10-sfaturi-pentru-a-ti-proteja-pielea-de-soare\/","og_site_name":"Genekor","article_publisher":"https:\/\/www.facebook.com\/genekorbiotechnology\/","article_published_time":"2022-08-17T10:21:00+00:00","article_modified_time":"2023-12-19T10:04:36+00:00","og_image":[{"url":"https:\/\/genekor.com\/wp-content\/uploads\/2023\/12\/tipstoprotectyourskinfromthesun.png","width":1024,"height":683,"type":"image\/png"}],"author":"Vassia Lagou","twitter_card":"summary_large_image","twitter_misc":{"Scris de":"Vassia Lagou","Timp estimat pentru citire":"2 minute"},"schema":{"@context":"https:\/\/schema.org","@graph":[{"@type":"Article","@id":"https:\/\/genekor.com\/ro\/2022\/08\/17\/10-sfaturi-pentru-a-ti-proteja-pielea-de-soare\/#article","isPartOf":{"@id":"https:\/\/genekor.com\/ro\/2022\/08\/17\/10-sfaturi-pentru-a-ti-proteja-pielea-de-soare\/"},"author":{"name":"Vassia Lagou","@id":"https:\/\/genekor.com\/ro\/#\/schema\/person\/3838490dbf25d05d55cf7ef7334c3bb9"},"headline":"10 sfaturi pentru a-\u021bi proteja pielea de soare.","datePublished":"2022-08-17T10:21:00+00:00","dateModified":"2023-12-19T10:04:36+00:00","mainEntityOfPage":{"@id":"https:\/\/genekor.com\/ro\/2022\/08\/17\/10-sfaturi-pentru-a-ti-proteja-pielea-de-soare\/"},"wordCount":480,"commentCount":0,"publisher":{"@id":"https:\/\/genekor.com\/ro\/#organization"},"image":{"@id":"https:\/\/genekor.com\/ro\/2022\/08\/17\/10-sfaturi-pentru-a-ti-proteja-pielea-de-soare\/#primaryimage"},"thumbnailUrl":"https:\/\/genekor.com\/wp-content\/uploads\/2023\/12\/tipstoprotectyourskinfromthesun.png","articleSection":["Uncategorized @ro"],"inLanguage":"ro-RO","potentialAction":[{"@type":"CommentAction","name":"Comment","target":["https:\/\/genekor.com\/ro\/2022\/08\/17\/10-sfaturi-pentru-a-ti-proteja-pielea-de-soare\/#respond"]}]},{"@type":"WebPage","@id":"https:\/\/genekor.com\/ro\/2022\/08\/17\/10-sfaturi-pentru-a-ti-proteja-pielea-de-soare\/","url":"https:\/\/genekor.com\/ro\/2022\/08\/17\/10-sfaturi-pentru-a-ti-proteja-pielea-de-soare\/","name":"10 sfaturi pentru a-\u021bi proteja pielea de soare. - Genekor","isPartOf":{"@id":"https:\/\/genekor.com\/ro\/#website"},"primaryImageOfPage":{"@id":"https:\/\/genekor.com\/ro\/2022\/08\/17\/10-sfaturi-pentru-a-ti-proteja-pielea-de-soare\/#primaryimage"},"image":{"@id":"https:\/\/genekor.com\/ro\/2022\/08\/17\/10-sfaturi-pentru-a-ti-proteja-pielea-de-soare\/#primaryimage"},"thumbnailUrl":"https:\/\/genekor.com\/wp-content\/uploads\/2023\/12\/tipstoprotectyourskinfromthesun.png","datePublished":"2022-08-17T10:21:00+00:00","dateModified":"2023-12-19T10:04:36+00:00","description":"Cunoa\u0219te\u021bi regula umbrei? Dac\u0103 umbra dvs. este mai scurt\u0103 dec\u00e2t dvs., \u00eenseamn\u0103 c\u0103 razele soarelui sunt prea puternice \u0219i ar trebui s\u0103 v\u0103 a\u0219eza\u021bi \u00eentr-un loc umbros.","breadcrumb":{"@id":"https:\/\/genekor.com\/ro\/2022\/08\/17\/10-sfaturi-pentru-a-ti-proteja-pielea-de-soare\/#breadcrumb"},"inLanguage":"ro-RO","potentialAction":[{"@type":"ReadAction","target":["https:\/\/genekor.com\/ro\/2022\/08\/17\/10-sfaturi-pentru-a-ti-proteja-pielea-de-soare\/"]}]},{"@type":"ImageObject","inLanguage":"ro-RO","@id":"https:\/\/genekor.com\/ro\/2022\/08\/17\/10-sfaturi-pentru-a-ti-proteja-pielea-de-soare\/#primaryimage","url":"https:\/\/genekor.com\/wp-content\/uploads\/2023\/12\/tipstoprotectyourskinfromthesun.png","contentUrl":"https:\/\/genekor.com\/wp-content\/uploads\/2023\/12\/tipstoprotectyourskinfromthesun.png","width":1600,"height":1067},{"@type":"BreadcrumbList","@id":"https:\/\/genekor.com\/ro\/2022\/08\/17\/10-sfaturi-pentru-a-ti-proteja-pielea-de-soare\/#breadcrumb","itemListElement":[{"@type":"ListItem","position":1,"name":"Home","item":"https:\/\/genekor.com\/ro\/"},{"@type":"ListItem","position":2,"name":"10 sfaturi pentru a-\u021bi proteja pielea de soare."}]},{"@type":"WebSite","@id":"https:\/\/genekor.com\/ro\/#website","url":"https:\/\/genekor.com\/ro\/","name":"Genekor","description":"Medicina personalizat\u0103","publisher":{"@id":"https:\/\/genekor.com\/ro\/#organization"},"potentialAction":[{"@type":"SearchAction","target":{"@type":"EntryPoint","urlTemplate":"https:\/\/genekor.com\/ro\/?s={search_term_string}"},"query-input":{"@type":"PropertyValueSpecification","valueRequired":true,"valueName":"search_term_string"}}],"inLanguage":"ro-RO"},{"@type":"Organization","@id":"https:\/\/genekor.com\/ro\/#organization","name":"Genekor","url":"https:\/\/genekor.com\/ro\/","logo":{"@type":"ImageObject","inLanguage":"ro-RO","@id":"https:\/\/genekor.com\/ro\/#\/schema\/logo\/image\/","url":"https:\/\/genekor.com\/wp-content\/uploads\/2021\/09\/logo-black.svg","contentUrl":"https:\/\/genekor.com\/wp-content\/uploads\/2021\/09\/logo-black.svg","width":1,"height":1,"caption":"Genekor"},"image":{"@id":"https:\/\/genekor.com\/ro\/#\/schema\/logo\/image\/"},"sameAs":["https:\/\/www.facebook.com\/genekorbiotechnology\/","https:\/\/gr.linkedin.com\/company\/genekor-sa","https:\/\/www.youtube.com\/channel\/UCKC7sMFecVBY-OZAlRBHNzA"]},{"@type":"Person","@id":"https:\/\/genekor.com\/ro\/#\/schema\/person\/3838490dbf25d05d55cf7ef7334c3bb9","name":"Vassia Lagou","image":{"@type":"ImageObject","inLanguage":"ro-RO","@id":"https:\/\/genekor.com\/ro\/#\/schema\/person\/image\/","url":"https:\/\/secure.gravatar.com\/avatar\/84a701805a13ebdb019a482f93ba3be4?s=96&d=mm&r=g","contentUrl":"https:\/\/secure.gravatar.com\/avatar\/84a701805a13ebdb019a482f93ba3be4?s=96&d=mm&r=g","caption":"Vassia Lagou"}}]}},"_links":{"self":[{"href":"https:\/\/genekor.com\/ro\/wp-json\/wp\/v2\/posts\/6459","targetHints":{"allow":["GET"]}}],"collection":[{"href":"https:\/\/genekor.com\/ro\/wp-json\/wp\/v2\/posts"}],"about":[{"href":"https:\/\/genekor.com\/ro\/wp-json\/wp\/v2\/types\/post"}],"author":[{"embeddable":true,"href":"https:\/\/genekor.com\/ro\/wp-json\/wp\/v2\/users\/4"}],"replies":[{"embeddable":true,"href":"https:\/\/genekor.com\/ro\/wp-json\/wp\/v2\/comments?post=6459"}],"version-history":[{"count":1,"href":"https:\/\/genekor.com\/ro\/wp-json\/wp\/v2\/posts\/6459\/revisions"}],"predecessor-version":[{"id":6461,"href":"https:\/\/genekor.com\/ro\/wp-json\/wp\/v2\/posts\/6459\/revisions\/6461"}],"wp:featuredmedia":[{"embeddable":true,"href":"https:\/\/genekor.com\/ro\/wp-json\/wp\/v2\/media\/6460"}],"wp:attachment":[{"href":"https:\/\/genekor.com\/ro\/wp-json\/wp\/v2\/media?parent=6459"}],"wp:term":[{"taxonomy":"category","embeddable":true,"href":"https:\/\/genekor.com\/ro\/wp-json\/wp\/v2\/categories?post=6459"},{"taxonomy":"post_tag","embeddable":true,"href":"https:\/\/genekor.com\/ro\/wp-json\/wp\/v2\/tags?post=6459"}],"curies":[{"name":"wp","href":"https:\/\/api.w.org\/{rel}","templated":true}]}}